{"id":1724,"date":"2026-08-31T09:58:44","date_gmt":"2026-08-31T09:58:44","guid":{"rendered":"https:\/\/ibrahimakin.net\/?p=1724"},"modified":"2026-08-31T09:58:46","modified_gmt":"2026-08-31T09:58:46","slug":"izmir-urlada-kacak-sokumu-yapilmak-istenen-gokbey-adli-geminin-mevcut-durumunu-ve-bu-konuda-nelerin-yapilacagini-dort-ayri-bakanliga-yeniden-sorduk","status":"publish","type":"post","link":"https:\/\/ibrahimakin.net\/index.php\/2026\/08\/31\/izmir-urlada-kacak-sokumu-yapilmak-istenen-gokbey-adli-geminin-mevcut-durumunu-ve-bu-konuda-nelerin-yapilacagini-dort-ayri-bakanliga-yeniden-sorduk\/","title":{"rendered":"\u0130ZM\u0130R-URLA&#8217;DA KA\u00c7AK S\u00d6K\u00dcM\u00dc YAPILMAK \u0130STENEN &#8216;G\u00d6KBEY&#8217; ADLI GEM\u0130N\u0130N MEVCUT DURUMUNU VE BU KONUDA NELER\u0130N YAPILACA\u011eINI D\u00d6RT AYRI BAKANLI\u011eA YEN\u0130DEN SORDUK."},"content":{"rendered":"\n<p class=\"wp-block-paragraph\"><strong>T\u00dcRK\u0130YE B\u00dcY\u00dcK M\u0130LLET MECL\u0130S\u0130 BA\u015eKANLI\u011eINA<\/strong><\/p>\n\n\n\n<p class=\"wp-block-paragraph\">A\u015fa\u011f\u0131daki sorular\u0131n \u00c7evre, \u015eehircilik ve \u0130klim De\u011fi\u015fikli\u011fi Bakan\u0131 Murat KURUMtaraf\u0131ndan Anayasa\u2019n\u0131n 98\u2019inci ve \u0130\u00e7t\u00fcz\u00fc\u011f\u00fcn 96\u2019nc\u0131 ve 99\u2019uncu maddeleri gere\u011fince yaz\u0131l\u0131 olarak cevapland\u0131r\u0131lmas\u0131n\u0131 arz ederim.<\/p>\n\n\n\n<p class=\"wp-block-paragraph\"><strong>\u0130brahim AKIN<\/strong><\/p>\n\n\n\n<p class=\"wp-block-paragraph\"><strong>\u0130zmir Milletvekili<\/strong><\/p>\n\n\n\n<p class=\"wp-block-paragraph\">\u0130zmir\u2019in Urla il\u00e7esi Demircili Koyu\u2019nda bulunan G\u00f6kbey isimli gemiyle ilgili s\u00fcre\u00e7, ka\u00e7ak gemi s\u00f6k\u00fcm\u00fcn\u00fcn \u00f6tesine ge\u00e7en ciddi bir kamu denetimi ve \u00e7evre koruma sorununa d\u00f6n\u00fc\u015fm\u00fc\u015ft\u00fcr. Bakanl\u0131\u011f\u0131n\u0131z \u0130zmir \u0130l M\u00fcd\u00fcrl\u00fc\u011f\u00fc taraf\u0131ndan yap\u0131lan 6 Ocak 2026 tarihli denetimde, G\u00f6kbey isimli geminin karaya yana\u015ft\u0131r\u0131ld\u0131\u011f\u0131, oksijen kaynaklar\u0131yla kesilmeye ba\u015fland\u0131\u011f\u0131, kesilen par\u00e7alar\u0131n sahile b\u0131rak\u0131ld\u0131\u011f\u0131 ve s\u00f6k\u00fcm i\u015flemi i\u00e7in \u00c7e\u015fme Liman Ba\u015fkanl\u0131\u011f\u0131ndan izin al\u0131nmad\u0131\u011f\u0131 tespit edilmi\u015ftir. Bu tespit \u00fczerine \u00c7evre Kanunu kapsam\u0131nda 2 milyon 346 bin TL idari para cezas\u0131 uygulanm\u0131\u015f ve sorumlular hakk\u0131nda Cumhuriyet Savc\u0131l\u0131\u011f\u0131na su\u00e7 duyurusunda bulunuldu\u011fu ifade edilmi\u015ftir.<\/p>\n\n\n\n<p class=\"wp-block-paragraph\">Ancak aradan ge\u00e7en aylara ra\u011fmen gemi Demircili Koyu\u2019ndan kald\u0131r\u0131lmam\u0131\u015f, geminin bulundu\u011fu yerde s\u00f6k\u00fclemeyece\u011fi belirtilmesine kar\u015f\u0131n 8 A\u011fustos 2026 tarihinde yeniden ka\u00e7ak s\u00f6k\u00fcm giri\u015fiminde bulunuldu\u011fu kamuoyuna yans\u0131m\u0131\u015ft\u0131r. Bu geli\u015fme \u00fczerine Urla Belediyesi taraf\u0131ndan geminin bulundu\u011fu alanda 24 saat zab\u0131ta n\u00f6betine ba\u015flad\u0131\u011f\u0131 belirtilmektedir.<\/p>\n\n\n\n<p class=\"wp-block-paragraph\">Daha \u00f6nce konuyla ilgili Bakanl\u0131\u011f\u0131n\u0131za verilen yaz\u0131l\u0131 soru \u00f6nergesine verilen yan\u0131tta bakanl\u0131\u011f\u0131n\u0131z taraf\u0131ndan yap\u0131lan resmi i\u015flemler s\u0131ralanm\u0131\u015f olmakla birlikte, geminin bulundu\u011fu hassas k\u0131y\u0131 alan\u0131na nas\u0131l getirildi\u011fi, \u00e7evresel risklerin boyutu, geminin neden aylarca kald\u0131r\u0131lmad\u0131\u011f\u0131 ve hangi kurumun kald\u0131rma i\u015flemini ger\u00e7ekle\u015ftirece\u011fi konular\u0131nda kamuoyunun sorular\u0131na a\u00e7\u0131kl\u0131k getirilmemi\u015ftir.<\/p>\n\n\n\n<p class=\"wp-block-paragraph\">\u00d6te yandan ka\u00e7ak s\u00f6k\u00fcm\u00fcn, rutin ve s\u00fcrekli kamu denetimi sonucunda de\u011fil, yurtta\u015flar\u0131n ve \u00e7evre m\u00fccadelesinin uyar\u0131 ve ihbarlar\u0131 sonucunda g\u00fcndeme gelmi\u015f olmas\u0131, do\u011fal ve arkeolojik a\u00e7\u0131dan hassas bir alandaki denetim mekanizmalar\u0131n\u0131n etkinli\u011fi konusunda ciddi soru i\u015faretleri do\u011furmaktad\u0131r.<\/p>\n\n\n\n<p class=\"wp-block-paragraph\">Bu ba\u011flamda;<\/p>\n\n\n\n<ol class=\"wp-block-list\">\n<li>Bakanl\u0131\u011f\u0131n\u0131zca G\u00f6kbey gemisinin bulundu\u011fu Demircili Koyu ve \u00e7evresinde 6 Ocak 2026 tarihinden bug\u00fcne kadar ka\u00e7 kez denetim yap\u0131lm\u0131\u015ft\u0131r? Bu denetimlerin tarihleri ve sonu\u00e7lar\u0131 nedir?<\/li>\n\n\n\n<li>8 A\u011fustos 2026 tarihinde ger\u00e7ekle\u015fti\u011fi belirtilen yeniden ka\u00e7ak s\u00f6k\u00fcm giri\u015fiminden Bakanl\u0131\u011f\u0131n\u0131z ne zaman haberdar olmu\u015ftur? Bakanl\u0131\u011f\u0131n\u0131z\u0131n bu olayla ilgili yapt\u0131\u011f\u0131 idari veya adli i\u015flem var m\u0131d\u0131r?<\/li>\n\n\n\n<li>Bir kez ka\u00e7ak s\u00f6k\u00fcm yapt\u0131\u011f\u0131 resmi olarak tespit edilen ve hakk\u0131nda idari para cezas\u0131 ile su\u00e7 duyurusu bulunan bir gemide, ikinci kez ka\u00e7ak s\u00f6k\u00fcm giri\u015fiminde bulunulabilmesini Bakanl\u0131\u011f\u0131n\u0131z nas\u0131l de\u011ferlendirmektedir?<\/li>\n\n\n\n<li>G\u00f6kbey gemisinin ve bulundu\u011fu k\u0131y\u0131 alan\u0131n\u0131n su, sediment, k\u0131y\u0131 topra\u011f\u0131, deniz canl\u0131lar\u0131, asbest, a\u011f\u0131r metal, hidrokarbon, sintine suyu, ya\u011f ve di\u011fer tehlikeli maddeler a\u00e7\u0131s\u0131ndan g\u00fcncel olarak incelenmesi amac\u0131yla herhangi bir \u00e7al\u0131\u015fma yap\u0131lm\u0131\u015f m\u0131d\u0131r? Yap\u0131lm\u0131\u015fsa sonu\u00e7lar\u0131 kamuoyuyla payla\u015f\u0131lacak m\u0131d\u0131r?<\/li>\n\n\n\n<li>Bakanl\u0131\u011f\u0131n\u0131z, ka\u00e7ak s\u00f6k\u00fcm\u00fc yap\u0131lmak istenen G\u00f6kbey gemisinde (gemi y\u00fck\u00fc de\u011fil, donan\u0131m malzemesi olarak) \u00a0asbest ve di\u011fer tehlikeli maddelerin bulunup bulunmad\u0131\u011f\u0131na ili\u015fkin ayr\u0131nt\u0131l\u0131 bir envanter \u00e7al\u0131\u015fmas\u0131 yapm\u0131\u015f m\u0131d\u0131r? Yap\u0131lmam\u0131\u015fsa bunun gerek\u00e7esi nedir?<\/li>\n\n\n\n<li>Geminin bulundu\u011fu b\u00f6lgede deniz ve k\u0131y\u0131 ekosisteminin etkilenme d\u00fczeyini belirlemek amac\u0131yla ba\u011f\u0131ms\u0131z \u00fcniversiteler ve uzman kurulu\u015flar\u0131n kat\u0131l\u0131m\u0131yla kapsaml\u0131 bir bilimsel ara\u015ft\u0131rma yap\u0131lmas\u0131 d\u00fc\u015f\u00fcn\u00fclmekte midir?<\/li>\n\n\n\n<li>G\u00f6kbey gemisinin Demircili Koyu\u2019ndan kald\u0131r\u0131lmas\u0131 konusunda Bakanl\u0131\u011f\u0131n\u0131z\u0131n do\u011frudan veya koordinasyon sorumlulu\u011fu bulunmakta m\u0131d\u0131r? Bulunuyorsa geminin kald\u0131r\u0131lmas\u0131 i\u00e7in belirlenmi\u015f somut bir tarih ve takvim var m\u0131d\u0131r?<\/li>\n\n\n\n<li>Geminin kald\u0131r\u0131lmas\u0131na ili\u015fkin farkl\u0131 kurumlar aras\u0131nda bir g\u00f6rev ve yetki belirsizli\u011fi bulundu\u011fu do\u011fru mudur? Do\u011fruysa bu belirsizli\u011fin giderilmesi i\u00e7in hangi kurumlar aras\u0131nda koordinasyon sa\u011flanmaktad\u0131r?<\/li>\n\n\n\n<li>Ka\u00e7ak s\u00f6k\u00fcmden sorumlu ki\u015fi veya \u015firket hakk\u0131nda uygulanan 2 milyon 346 bin TL idari para cezas\u0131 tahsil edilmi\u015f midir? S\u00f6z konusu ki\u015fi veya \u015firket hakk\u0131nda ba\u015flat\u0131lan di\u011fer idari ve adli s\u00fcre\u00e7ler hangi a\u015famadad\u0131r?<\/li>\n\n\n\n<li>G\u00f6kbey gemisinin bulundu\u011fu alan\u0131n do\u011fal ve arkeolojik de\u011ferleri dikkate al\u0131narak, geminin kald\u0131r\u0131lmas\u0131 s\u00fcrecinde yeni bir \u00e7evresel tahribata yol a\u00e7\u0131lmamas\u0131 i\u00e7in hangi teknik ve bilimsel \u00f6nlemler al\u0131nacakt\u0131r?<\/li>\n\n\n\n<li>Bir geminin ka\u00e7ak s\u00f6k\u00fcm\u00fcn\u00fcn engellenmesinin, merkezi idarenin s\u00fcrekli denetimi yerine yerel y\u00f6netim zab\u0131tas\u0131n\u0131n 24 saat n\u00f6bet tutmas\u0131na ba\u011fl\u0131 hale gelmesini Bakanl\u0131\u011f\u0131n\u0131z yeterli ve kabul edilebilir bir kamu denetimi y\u00f6ntemi olarak g\u00f6rmekte midir?<\/li>\n\n\n\n<li>Bakanl\u0131\u011f\u0131n\u0131z, G\u00f6kbey olay\u0131 sonras\u0131nda do\u011fal sit, k\u0131y\u0131 ve di\u011fer hassas alanlarda gemi s\u00f6k\u00fcm\u00fcne y\u00f6nelik denetim ve yapt\u0131r\u0131m mekanizmalar\u0131n\u0131n yetersiz kald\u0131\u011f\u0131n\u0131 kabul etmekte midir? Bu konuda yeni bir mevzuat veya denetim d\u00fczenlemesi yap\u0131lmas\u0131 planlanmakta m\u0131d\u0131r?<\/li>\n\n\n\n<li>Do\u011fal ya\u015fam alanlar\u0131nda a\u011f\u0131r ve geri d\u00f6n\u00fclmez \u00e7evresel tahribata yol a\u00e7an eylemlerin yaln\u0131zca idari yapt\u0131r\u0131mlarla kar\u015f\u0131lanmas\u0131n\u0131n yeterli olmad\u0131\u011f\u0131 a\u00e7\u0131kt\u0131r. Bakanl\u0131\u011f\u0131n\u0131z, ekok\u0131r\u0131m\u0131n a\u011f\u0131r \u00e7evresel su\u00e7 olarak ceza hukuku kapsam\u0131nda ayr\u0131ca d\u00fczenlenmesine ili\u015fkin bir \u00e7al\u0131\u015fma y\u00fcr\u00fctmekte midir?<\/li>\n<\/ol>\n\n\n\n<p class=\"wp-block-paragraph\"><\/p>\n\n\n\n<p class=\"wp-block-paragraph\"><\/p>\n\n\n\n<p class=\"wp-block-paragraph\"><strong>T\u00dcRK\u0130YE B\u00dcY\u00dcK M\u0130LLET MECL\u0130S\u0130 BA\u015eKANLI\u011eINA<\/strong><\/p>\n\n\n\n<p class=\"wp-block-paragraph\">A\u015fa\u011f\u0131daki sorular\u0131n <strong>Ula\u015ft\u0131rma Ve Altyap\u0131 Bakan\u0131 Abdulkadir URAL\u011eOLU<\/strong> taraf\u0131ndan Anayasa\u2019n\u0131n 98\u2019inci ve \u0130\u00e7t\u00fcz\u00fc\u011f\u00fcn 96\u2019nc\u0131 ve 99\u2019uncu maddeleri gere\u011fince yaz\u0131l\u0131 olarak cevapland\u0131r\u0131lmas\u0131n\u0131 arz ederim.<\/p>\n\n\n\n<p class=\"wp-block-paragraph\"><strong>\u0130brahim AKIN<\/strong><\/p>\n\n\n\n<p class=\"wp-block-paragraph\"><strong>\u0130zmir Milletvekili<\/strong><\/p>\n\n\n\n<p class=\"wp-block-paragraph\">G\u00f6kbey isimli geminin \u0130zmir-Urla Demircili Koyu\u2019ndaki varl\u0131\u011f\u0131 ve ka\u00e7ak s\u00f6k\u00fcm s\u00fcreci, yaln\u0131zca \u00e7evresel a\u00e7\u0131dan de\u011fil, denizcilik ve liman denetimi a\u00e7\u0131s\u0131ndan da ciddi soru i\u015faretleri do\u011furmaktad\u0131r. Gemiyle ilgili 6 Ocak 2026 tarihinde yap\u0131lan resmi denetimde, \u00c7e\u015fme Liman Ba\u015fkanl\u0131\u011f\u0131ndan s\u00f6k\u00fcm izin belgesi al\u0131nmadan s\u00f6k\u00fcm faaliyetine ba\u015fland\u0131\u011f\u0131 tespit edilmi\u015f ve \u00c7e\u015fme Liman Ba\u015fkanl\u0131\u011f\u0131 taraf\u0131ndan idari i\u015flem ba\u015flat\u0131lm\u0131\u015ft\u0131r.<\/p>\n\n\n\n<p class=\"wp-block-paragraph\">\u00d6te yandan G\u00f6kbey\u2019in ge\u00e7mi\u015fte \u00e7e\u015fitli adli soru\u015fturmalara konu oldu\u011fu, gemi hakk\u0131nda g\u00f6\u00e7men ka\u00e7ak\u00e7\u0131l\u0131\u011f\u0131 dosyas\u0131 kapsam\u0131nda el koyma ve muhafaza s\u00fcre\u00e7lerinin ya\u015fand\u0131\u011f\u0131 kamuoyuna yans\u0131m\u0131\u015ft\u0131r. Daha sonra istinaf s\u00fcreci sonucunda geminin belirli bir ceza dosyas\u0131nda su\u00e7ta kullan\u0131ld\u0131\u011f\u0131na ili\u015fkin yeterli ba\u011f kurulamad\u0131\u011f\u0131 gerek\u00e7esiyle geminin sahibine iadesine karar verilmi\u015f ve gemi 5 A\u011fustos 2026 tarihinde \u015firkete teslim edilmi\u015ftir.<\/p>\n\n\n\n<p class=\"wp-block-paragraph\">Ancak bu s\u00fcre\u00e7, \u00e7ok temel sorular\u0131 ortadan kald\u0131rmamaktad\u0131r: Bir geminin belirli bir su\u00e7 dosyas\u0131nda m\u00fcsaderesine h\u00fckmedilmemi\u015f veya geminin su\u00e7ta kullan\u0131ld\u0131\u011f\u0131 yeterli delille kan\u0131tlanamam\u0131\u015f olmas\u0131, geminin ka\u00e7ak s\u00f6k\u00fcm faaliyetine ve \u00e7evresel mevzuata ayk\u0131r\u0131 bi\u00e7imde i\u015flem g\u00f6rmedi\u011fi anlam\u0131na gelmemektedir. Ayr\u0131ca hakk\u0131nda hukuki ve adli s\u00fcre\u00e7 bulunan bir geminin nas\u0131l S\u0131\u011fac\u0131k\u2019tan \u00e7\u0131kar\u0131larak Demircili Koyu\u2019na getirildi\u011fi de h\u00e2l\u00e2 yeterince a\u00e7\u0131kl\u0131\u011fa kavu\u015fmam\u0131\u015ft\u0131r.<\/p>\n\n\n\n<p class=\"wp-block-paragraph\">Bu ba\u011flamda;<\/p>\n\n\n\n<ol class=\"wp-block-list\">\n<li>G\u00f6kbey gemisi S\u0131\u011fac\u0131k Liman\u0131\u2019ndan hangi tarihte ve hangi hukuki veya idari i\u015flem kapsam\u0131nda \u00e7\u0131kar\u0131lm\u0131\u015ft\u0131r<\/li>\n\n\n\n<li>Geminin S\u0131\u011fac\u0131k\u2019tan Demircili Koyu\u2019na \u00e7ekilmesi i\u00e7in hangi kurum veya mercilerden izin al\u0131nm\u0131\u015ft\u0131r?<\/li>\n\n\n\n<li>Geminin hareket ettirilmesi s\u0131ras\u0131nda hangi liman ba\u015fkanl\u0131klar\u0131, Sahil G\u00fcvenlik birimleri ve di\u011fer kamu kurumlar\u0131 bilgilendirilmi\u015ftir?<\/li>\n\n\n\n<li>G\u00f6kbey gemisinin Demircili Koyu\u2019na getirilmesinden \u00f6nce geminin hukuki stat\u00fcs\u00fc Bakanl\u0131\u011f\u0131n\u0131z ve ba\u011fl\u0131 kurulu\u015flar\u0131nca biliniyor muydu?<\/li>\n\n\n\n<li>Hakk\u0131nda adli s\u00fcre\u00e7, el koyma veya yediemin muhafazas\u0131 bulunan bir geminin yer de\u011fi\u015ftirmesi durumunda uygulanmas\u0131 gereken denetim ve izin mekanizmalar\u0131 nelerdir? G\u00f6kbey bak\u0131m\u0131ndan bu mekanizmalar eksiksiz i\u015fletilmi\u015f midir?<\/li>\n\n\n\n<li>Bakanl\u0131\u011f\u0131n\u0131za ba\u011fl\u0131 hangi birimler, G\u00f6kbey\u2019in Demircili Koyu\u2019na getirilmesi ve burada karaya yana\u015ft\u0131r\u0131lmas\u0131ndan \u00f6nce veya sonra denetim yapm\u0131\u015ft\u0131r?<\/li>\n\n\n\n<li>Gemiye ili\u015fkin ka\u00e7ak s\u00f6k\u00fcm\u00fcn yurtta\u015flar\u0131n ve \u00e7evre \u00f6rg\u00fctlerinin uyar\u0131lar\u0131 sonucunda ortaya \u00e7\u0131km\u0131\u015f olmas\u0131, Bakanl\u0131\u011f\u0131n\u0131z\u0131n k\u0131y\u0131 ve liman denetimlerinin yetersiz kald\u0131\u011f\u0131n\u0131 g\u00f6stermiyor mu?<\/li>\n\n\n\n<li>6 Ocak 2026 tarihinde \u00c7e\u015fme Liman Ba\u015fkanl\u0131\u011f\u0131nca ba\u015flat\u0131lan idari i\u015flemin kapsam\u0131 nedir? \u0130\u015flem sonucunda hangi yapt\u0131r\u0131mlar uygulanm\u0131\u015ft\u0131r?<\/li>\n\n\n\n<li>8 A\u011fustos 2026 tarihindeki yeniden ka\u00e7ak s\u00f6k\u00fcm giri\u015fimi s\u0131ras\u0131nda veya sonras\u0131nda Bakanl\u0131\u011f\u0131n\u0131za ba\u011fl\u0131 herhangi bir birimce i\u015flem yap\u0131lm\u0131\u015f m\u0131d\u0131r? Yap\u0131lm\u0131\u015fsa i\u015flemin kapsam\u0131 nedir?<\/li>\n\n\n\n<li>Bir kez ka\u00e7ak s\u00f6k\u00fcm yapt\u0131\u011f\u0131 tespit edilmi\u015f bir geminin yeniden s\u00f6k\u00fclmeye \u00e7al\u0131\u015f\u0131lmas\u0131n\u0131 engellemek i\u00e7in Bakanl\u0131\u011f\u0131n\u0131zca s\u00fcrekli denetim veya fiziki g\u00f6zetim tedbirleri al\u0131nm\u0131\u015f m\u0131d\u0131r?<\/li>\n\n\n\n<li>G\u00f6kbey gemisinin 5 A\u011fustos 2026 tarihinde sahibine iade edilmesinin ard\u0131ndan, geminin deniz g\u00fcvenli\u011fi ve \u00e7evre mevzuat\u0131na uygun \u015fekilde Demircili Koyu\u2019ndan kald\u0131r\u0131lmas\u0131 konusunda \u015firket sahibine veya temsilcilerine Bakanl\u0131\u011f\u0131n\u0131zca herhangi bir y\u00fck\u00fcml\u00fcl\u00fck ve s\u00fcre bildirilmi\u015f midir?<\/li>\n\n\n\n<li>Geminin hangi y\u00f6ntemle, hangi deniz arac\u0131yla ve nereye ta\u015f\u0131naca\u011f\u0131 konusunda Bakanl\u0131\u011f\u0131n\u0131zca haz\u0131rlanm\u0131\u015f bir plan var m\u0131d\u0131r?<\/li>\n\n\n\n<li>G\u00f6kbey\u2019in kald\u0131r\u0131lmas\u0131nda Bakanl\u0131\u011f\u0131n\u0131z\u0131n ve ba\u011fl\u0131 liman ba\u015fkanl\u0131klar\u0131n\u0131n g\u00f6rev ve sorumluluklar\u0131 nelerdir? Kald\u0131rma i\u015fleminin gecikmesinin nedeni nedir?<\/li>\n\n\n\n<li>Gemi s\u00f6k\u00fcm\u00fcne ili\u015fkin mevcut mevzuat\u0131n, do\u011fal ve arkeolojik sit alanlar\u0131 gibi hassas b\u00f6lgelerde ger\u00e7ekle\u015fen ka\u00e7ak s\u00f6k\u00fcmleri \u00f6nlemek bak\u0131m\u0131ndan yeterli oldu\u011funu d\u00fc\u015f\u00fcn\u00fcyor musunuz?<\/li>\n<\/ol>\n\n\n\n<p class=\"wp-block-paragraph\"><\/p>\n\n\n\n<p class=\"wp-block-paragraph\"><\/p>\n\n\n\n<p class=\"wp-block-paragraph\"><strong>T\u00dcRK\u0130YE B\u00dcY\u00dcK M\u0130LLET MECL\u0130S\u0130 BA\u015eKANLI\u011eINA<\/strong><\/p>\n\n\n\n<p class=\"wp-block-paragraph\">A\u015fa\u011f\u0131daki sorular\u0131n \u0130\u00e7i\u015fleri Bakan\u0131 Mustafa \u00c7\u0130FT\u00c7\u0130taraf\u0131ndan Anayasa\u2019n\u0131n 98\u2019inci ve \u0130\u00e7t\u00fcz\u00fc\u011f\u00fcn 96\u2019nc\u0131 ve 99\u2019uncu maddeleri gere\u011fince yaz\u0131l\u0131 olarak cevapland\u0131r\u0131lmas\u0131n\u0131 arz ederim.<\/p>\n\n\n\n<p class=\"wp-block-paragraph\"><strong>\u0130brahim AKIN<\/strong><\/p>\n\n\n\n<p class=\"wp-block-paragraph\"><strong>\u0130zmir Milletvekili<\/strong><\/p>\n\n\n\n<p class=\"wp-block-paragraph\">G\u00f6kbey isimli geminin \u0130zmir-Urla Demircili Koyu\u2019ndaki ka\u00e7ak s\u00f6k\u00fcm s\u00fcreci, kolluk ve m\u00fclki idare bak\u0131m\u0131ndan da ciddi bir kamu denetimi sorunu ortaya \u00e7\u0131karm\u0131\u015ft\u0131r.<\/p>\n\n\n\n<p class=\"wp-block-paragraph\">Geminin izinsiz bi\u00e7imde s\u00f6k\u00fclmeye ba\u015fland\u0131\u011f\u0131, ancak olay\u0131n resmi makamlar\u0131n d\u00fczenli denetimiyle de\u011fil, yurtta\u015flar\u0131n ve \u00e7evre m\u00fccadelesinin ihbarlar\u0131 sonucunda g\u00f6r\u00fcn\u00fcr hale geldi\u011fi kamuoyuna yans\u0131m\u0131\u015ft\u0131r. Ka\u00e7ak s\u00f6k\u00fcm\u00fcn resmi olarak tespit edilmesinin ard\u0131ndan idari para cezas\u0131 uyguland\u0131\u011f\u0131 ve Cumhuriyet Savc\u0131l\u0131\u011f\u0131na su\u00e7 duyurusunda bulunuldu\u011fu ifade edilmi\u015ftir. Buna ra\u011fmen 8 A\u011fustos 2026 tarihinde yeniden ka\u00e7ak s\u00f6k\u00fcm giri\u015fiminde bulunuldu\u011fu belirtilmektedir.<\/p>\n\n\n\n<p class=\"wp-block-paragraph\">Bu geli\u015fmenin ard\u0131ndan Urla Belediyesinin, geminin bulundu\u011fu alanda 24 saat zab\u0131ta n\u00f6beti ba\u015flatmak zorunda kald\u0131\u011f\u0131 ifade edilmektedir. Bir geminin ka\u00e7ak s\u00f6k\u00fcm\u00fcn\u00fcn engellenmesinin, belediye zab\u0131tas\u0131n\u0131n s\u00fcrekli n\u00f6bet tutmas\u0131na ba\u011fl\u0131 hale gelmesi, merkezi idare ve kolluk birimlerinin sorumluluklar\u0131n\u0131n gere\u011fi gibi yerine getirilip getirilmedi\u011fi sorusunu do\u011furmaktad\u0131r.<\/p>\n\n\n\n<p class=\"wp-block-paragraph\">Bu ba\u011flamda;<\/p>\n\n\n\n<ol class=\"wp-block-list\">\n<li>G\u00f6kbey gemisinin Demircili Koyu\u2019na getirilmesinden bug\u00fcne kadar \u0130zmir Valili\u011fi, Urla Kaymakaml\u0131\u011f\u0131, jandarma, Sahil G\u00fcvenlik veya Bakanl\u0131\u011f\u0131n\u0131za ba\u011fl\u0131 di\u011fer birimlerce ka\u00e7 denetim ger\u00e7ekle\u015ftirilmi\u015ftir?<\/li>\n\n\n\n<li>6 Ocak 2026 tarihinden \u00f6nce ka\u00e7ak s\u00f6k\u00fcm faaliyetinden Bakanl\u0131\u011f\u0131n\u0131za ba\u011fl\u0131 herhangi bir birimin haberi olmu\u015f mudur?<\/li>\n\n\n\n<li>Ka\u00e7ak s\u00f6k\u00fcm faaliyeti ba\u015flam\u0131\u015f olmas\u0131na ra\u011fmen olay\u0131n neden rutin kamu denetimiyle de\u011fil, yurtta\u015flar\u0131n ve \u00e7evre \u00f6rg\u00fctlerinin ihbarlar\u0131 sonucunda ortaya \u00e7\u0131kt\u0131\u011f\u0131na ili\u015fkin Bakanl\u0131\u011f\u0131n\u0131zca bir inceleme yap\u0131lm\u0131\u015f m\u0131d\u0131r?<\/li>\n\n\n\n<li>8 A\u011fustos 2026 tarihindeki yeniden ka\u00e7ak s\u00f6k\u00fcm giri\u015fimi hakk\u0131nda kolluk birimleri hangi tarihte ve ne \u015fekilde haberdar olmu\u015ftur? Olayla ilgili ka\u00e7 ki\u015fi hakk\u0131nda hangi i\u015flemler yap\u0131lm\u0131\u015ft\u0131r?<\/li>\n\n\n\n<li>Daha \u00f6nce ka\u00e7ak s\u00f6k\u00fcm nedeniyle idari i\u015flem ve su\u00e7 duyurusu yap\u0131lm\u0131\u015f bir geminin yeniden s\u00f6k\u00fclmeye \u00e7al\u0131\u015f\u0131lmas\u0131 \u00fczerine sorumlu ki\u015fi veya ki\u015filer hakk\u0131nda ayr\u0131ca bir adli soru\u015fturma ba\u015flat\u0131lm\u0131\u015f m\u0131d\u0131r?<\/li>\n\n\n\n<li>Urla Belediyesi taraf\u0131ndan 24 saat zab\u0131ta n\u00f6beti ba\u015flat\u0131lmas\u0131n\u0131n nedeni nedir? Bakanl\u0131\u011f\u0131n\u0131za ba\u011fl\u0131 kolluk birimlerinin bu s\u00fcre\u00e7te s\u00fcrekli denetim veya koruma g\u00f6revi \u00fcstlenmesi d\u00fc\u015f\u00fcn\u00fclm\u00fc\u015f m\u00fcd\u00fcr?<\/li>\n\n\n\n<li>Do\u011fal ve arkeolojik a\u00e7\u0131dan hassas bir k\u0131y\u0131 alan\u0131nda bulunan ve ka\u00e7ak s\u00f6k\u00fcm giri\u015fimlerine konu olan bir geminin korunmas\u0131 veya g\u00f6zetimi yaln\u0131zca belediye zab\u0131tas\u0131n\u0131n sorumlulu\u011funa b\u0131rak\u0131labilir mi?<\/li>\n\n\n\n<li>\u0130zmir Valili\u011fi b\u00fcnyesinde G\u00f6kbey gemisinin kald\u0131r\u0131lmas\u0131, \u00e7evresel g\u00fcvenli\u011fin sa\u011flanmas\u0131 ve yeni ka\u00e7ak s\u00f6k\u00fcm giri\u015fimlerinin \u00f6nlenmesi amac\u0131yla kurumlar aras\u0131 bir koordinasyon mekanizmas\u0131 olu\u015fturulmu\u015f mudur?<\/li>\n\n\n\n<li>Gemi hakk\u0131nda el koyma karar\u0131 uyguland\u0131\u011f\u0131 d\u00f6nemde geminin fiili g\u00fcvenli\u011finden ve muhafazas\u0131ndan hangi kurum sorumluydu? Gemi el koyma karar\u0131na ra\u011fmen neden \u00e7evresel ve fiziksel olarak korumas\u0131z bir durumda kalm\u0131\u015ft\u0131r?<\/li>\n\n\n\n<li>G\u00f6kbey\u2019in ge\u00e7mi\u015fteki hukuki s\u00fcre\u00e7leri ve daha \u00f6nceki ka\u00e7ak\u00e7\u0131l\u0131k iddialar\u0131 dikkate al\u0131narak, geminin S\u0131\u011fac\u0131k\u2019tan Demircili Koyu\u2019na ta\u015f\u0131nmas\u0131 s\u0131ras\u0131nda herhangi bir g\u00fcvenlik veya idari zafiyet tespit edilmi\u015f midir?<\/li>\n\n\n\n<li>Bakanl\u0131\u011f\u0131n\u0131zca G\u00f6kbey gemisi olay\u0131yla ilgili olarak kamu g\u00f6revlilerinin ihmal veya kusuruna y\u00f6nelik idari soru\u015fturma a\u00e7\u0131lm\u0131\u015f m\u0131d\u0131r? A\u00e7\u0131lmam\u0131\u015fsa bunun gerek\u00e7esi nedir?<\/li>\n\n\n\n<li>Benzer olaylar\u0131n ya\u015fanmamas\u0131 i\u00e7in ka\u00e7ak gemi s\u00f6k\u00fcm\u00fc ve k\u0131y\u0131 alanlar\u0131ndaki tehlikeli faaliyetlere y\u00f6nelik kolluk denetimlerinin g\u00fc\u00e7lendirilmesi konusunda yeni bir uygulama ba\u015flat\u0131lmas\u0131 planlanmakta m\u0131d\u0131r?<\/li>\n<\/ol>\n\n\n\n<p class=\"wp-block-paragraph\"><\/p>\n\n\n\n<p class=\"wp-block-paragraph\"><\/p>\n\n\n\n<p class=\"wp-block-paragraph\"><strong>T\u00dcRK\u0130YE B\u00dcY\u00dcK M\u0130LLET MECL\u0130S\u0130 BA\u015eKANLI\u011eINA<\/strong><\/p>\n\n\n\n<p class=\"wp-block-paragraph\">A\u015fa\u011f\u0131daki sorular\u0131n Sa\u011fl\u0131k Bakan\u0131 Kemal MEM\u0130\u015eO\u011eLUtaraf\u0131ndan Anayasa\u2019n\u0131n 98\u2019inci ve \u0130\u00e7t\u00fcz\u00fc\u011f\u00fcn 96\u2019nc\u0131 ve 99\u2019uncu maddeleri gere\u011fince yaz\u0131l\u0131 olarak cevapland\u0131r\u0131lmas\u0131n\u0131 arz ederim.<\/p>\n\n\n\n<p class=\"wp-block-paragraph\"><strong>\u0130brahim AKIN<\/strong><\/p>\n\n\n\n<p class=\"wp-block-paragraph\"><strong>\u0130zmir Milletvekili<\/strong><\/p>\n\n\n\n<p class=\"wp-block-paragraph\">\u0130zmir\u2019in Urla il\u00e7esine ba\u011fl\u0131 Demircili Koyu\u2019nda bulunan G\u00f6kbey isimli geminin \u00e7evre ve insan sa\u011fl\u0131\u011f\u0131 a\u00e7\u0131s\u0131ndan yaratabilece\u011fi risklere ili\u015fkin daha \u00f6nce Bakanl\u0131\u011f\u0131n\u0131za yaz\u0131l\u0131 soru \u00f6nergesi verilmi\u015ftir. 04.02.2026 tarihli 7\/39869 esas numaral\u0131 bu yaz\u0131l\u0131 soru \u00f6nergesi \u201c\u0130zmir\u2019in Urla il\u00e7esine ba\u011fl\u0131 Demirci Koyu\u2019nda karaya oturan bir geminin \u00e7evreye ve insan sa\u011fl\u0131\u011f\u0131na etkisine ili\u015fkin\u201d ba\u015fl\u0131\u011f\u0131yla sunulmu\u015f, TBMM kay\u0131tlar\u0131na g\u00f6re soru \u00f6nergesi cevaplanmam\u0131\u015f ve Gelen K\u00e2\u011f\u0131tlarda cevaplanmad\u0131\u011f\u0131 ilan edilmi\u015ftir.<\/p>\n\n\n\n<p class=\"wp-block-paragraph\">Bu durum, insan sa\u011fl\u0131\u011f\u0131 ve \u00e7evre a\u00e7\u0131s\u0131ndan olas\u0131 risk ta\u015f\u0131yan bir olayda Sa\u011fl\u0131k Bakanl\u0131\u011f\u0131n\u0131n Meclisin denetim mekanizmas\u0131na yan\u0131t vermemesi bak\u0131m\u0131ndan ayr\u0131ca de\u011ferlendirilmelidir.<\/p>\n\n\n\n<p class=\"wp-block-paragraph\">Aradan ge\u00e7en s\u00fcrede G\u00f6kbey gemisinin izinsiz bi\u00e7imde s\u00f6k\u00fcld\u00fc\u011f\u00fc resmi makamlarca tespit edilmi\u015f, geminin oksijen kaynaklar\u0131yla kesildi\u011fi, kesilen par\u00e7alar\u0131n k\u0131y\u0131ya b\u0131rak\u0131ld\u0131\u011f\u0131 belirlenmi\u015ftir. Daha sonra 8 A\u011fustos 2026 tarihinde yeniden ka\u00e7ak s\u00f6k\u00fcm giri\u015fiminde bulunuldu\u011fu kamuoyuna yans\u0131m\u0131\u015ft\u0131r.<\/p>\n\n\n\n<p class=\"wp-block-paragraph\">Gemi ve \u00e7evresinde asbest, a\u011f\u0131r metal, hidrokarbon, sintine suyu, at\u0131k ya\u011flar ve di\u011fer tehlikeli maddelerin bulunup bulunmad\u0131\u011f\u0131na; bu maddelerin denize, k\u0131y\u0131 topra\u011f\u0131na veya besin zincirine kar\u0131\u015f\u0131p kar\u0131\u015fmad\u0131\u011f\u0131na ili\u015fkin kamuoyuna a\u00e7\u0131k, g\u00fcncel ve ba\u011f\u0131ms\u0131z bir halk sa\u011fl\u0131\u011f\u0131 de\u011ferlendirmesinin bulunup bulunmad\u0131\u011f\u0131 ise belirsizli\u011fini korumaktad\u0131r.<\/p>\n\n\n\n<p class=\"wp-block-paragraph\">Bu ba\u011flamda;<\/p>\n\n\n\n<ol class=\"wp-block-list\">\n<li>04.02.2026 tarihinde taraf\u0131n\u0131za sunulan 7\/39869 esas numaral\u0131 yaz\u0131l\u0131 soru \u00f6nergesinin, yasal cevap s\u00fcresi i\u00e7inde cevapland\u0131r\u0131lmamas\u0131n\u0131n gerek\u00e7esi nedir?<\/li>\n\n\n\n<li>S\u00f6z konusu soru \u00f6nergesinin TBMM kay\u0131tlar\u0131nda \u201ccevaplanmad\u0131\u011f\u0131 Gelen K\u00e2\u011f\u0131tlarda ilan edildi\u011fi\u201d dikkate al\u0131nd\u0131\u011f\u0131nda, Bakanl\u0131\u011f\u0131n\u0131z Meclis denetimine ili\u015fkin bu soruya neden yan\u0131t vermemi\u015ftir?<\/li>\n\n\n\n<li>Bakanl\u0131\u011f\u0131n\u0131z, G\u00f6kbey gemisinin ve Demircili Koyu\u2019nun insan sa\u011fl\u0131\u011f\u0131 a\u00e7\u0131s\u0131ndan olu\u015fturabilece\u011fi risklere ili\u015fkin bug\u00fcne kadar herhangi bir inceleme veya de\u011ferlendirme yapm\u0131\u015f m\u0131d\u0131r?<\/li>\n\n\n\n<li>Gemide veya \u00e7evresinde asbest, a\u011f\u0131r metal, hidrokarbon, sintine suyu, at\u0131k ya\u011f veya di\u011fer toksik maddeler bak\u0131m\u0131ndan Sa\u011fl\u0131k Bakanl\u0131\u011f\u0131n\u0131zca veya Bakanl\u0131\u011f\u0131n\u0131za ba\u011fl\u0131 kurumlarca \u00f6l\u00e7\u00fcm, analiz veya numune alma i\u015flemi yap\u0131lm\u0131\u015f m\u0131d\u0131r?<\/li>\n\n\n\n<li>Yap\u0131lm\u0131\u015fsa bu \u00e7al\u0131\u015fmalar\u0131n tarihleri, kapsam\u0131, kullan\u0131lan y\u00f6ntemler ve sonu\u00e7lar\u0131 nelerdir? Sonu\u00e7lar neden kamuoyuyla payla\u015f\u0131lmam\u0131\u015ft\u0131r?<\/li>\n\n\n\n<li>Yap\u0131lmam\u0131\u015fsa, insan sa\u011fl\u0131\u011f\u0131 a\u00e7\u0131s\u0131ndan olas\u0131 risk ta\u015f\u0131yan ve ka\u00e7ak s\u00f6k\u00fcm faaliyeti resmi olarak tespit edilmi\u015f bir gemi hakk\u0131nda Bakanl\u0131\u011f\u0131n\u0131z neden kapsaml\u0131 bir halk sa\u011fl\u0131\u011f\u0131 de\u011ferlendirmesi ger\u00e7ekle\u015ftirmemi\u015ftir?<\/li>\n\n\n\n<li>Gemi s\u00f6k\u00fcm\u00fc s\u0131ras\u0131nda ortaya \u00e7\u0131kabilecek asbest liflerinin, a\u011f\u0131r metallerin ve di\u011fer tehlikeli maddelerin b\u00f6lge halk\u0131, gemi \u00e7al\u0131\u015fanlar\u0131, k\u0131y\u0131 kullan\u0131c\u0131lar\u0131 ve bal\u0131k\u00e7\u0131lar \u00fczerindeki olas\u0131 etkileri konusunda Bakanl\u0131\u011f\u0131n\u0131z\u0131n bir risk de\u011ferlendirmesi var m\u0131d\u0131r?<\/li>\n\n\n\n<li>Demircili Koyu\u2019nda ya\u015fayan veya b\u00f6lgeyi kullanan yurtta\u015flar\u0131n sa\u011fl\u0131k a\u00e7\u0131s\u0131ndan olas\u0131 etkilenmelerini belirlemek amac\u0131yla herhangi bir epidemiyolojik veya \u00e7evresel sa\u011fl\u0131k izleme program\u0131 ba\u015flat\u0131lm\u0131\u015f m\u0131d\u0131r?<\/li>\n\n\n\n<li>Deniz suyuna veya sedimentlere kar\u0131\u015fabilecek toksik maddelerin deniz canl\u0131lar\u0131 ve besin zinciri yoluyla insan sa\u011fl\u0131\u011f\u0131 \u00fczerinde olu\u015fturabilece\u011fi riskler konusunda hangi kurumlarla ortak \u00e7al\u0131\u015fma y\u00fcr\u00fct\u00fclmektedir?<\/li>\n\n\n\n<li>8 A\u011fustos 2026 tarihindeki yeniden ka\u00e7ak s\u00f6k\u00fcm giri\u015fiminin ard\u0131ndan Bakanl\u0131\u011f\u0131n\u0131zca b\u00f6lgede yeni bir sa\u011fl\u0131k ve \u00e7evresel risk incelemesi ba\u015flat\u0131lm\u0131\u015f m\u0131d\u0131r?<\/li>\n\n\n\n<li>Bakanl\u0131\u011f\u0131n\u0131z, \u00c7evre, \u015eehircilik ve \u0130klim De\u011fi\u015fikli\u011fi Bakanl\u0131\u011f\u0131, ilgili \u00fcniversiteler ve ba\u011f\u0131ms\u0131z uzmanlar\u0131n kat\u0131l\u0131m\u0131yla Demircili Koyu\u2019nda su, sediment, k\u0131y\u0131 topra\u011f\u0131 ve gerekiyorsa biyolojik \u00f6rnekler \u00fczerinde kapsaml\u0131 bir inceleme yap\u0131lmas\u0131n\u0131 sa\u011flayacak m\u0131d\u0131r?<\/li>\n\n\n\n<li>G\u00f6kbey gemisinin kald\u0131r\u0131lmas\u0131ndan \u00f6nce ve kald\u0131r\u0131lmas\u0131 s\u0131ras\u0131nda \u00e7evre ve halk sa\u011fl\u0131\u011f\u0131n\u0131 korumak amac\u0131yla Bakanl\u0131\u011f\u0131n\u0131z\u0131n al\u0131nmas\u0131n\u0131 \u00f6nerdi\u011fi veya zorunlu g\u00f6rd\u00fc\u011f\u00fc \u00f6zel \u00f6nlemler nelerdir?<\/li>\n\n\n\n<li>Bakanl\u0131\u011f\u0131n\u0131z, G\u00f6kbey olay\u0131ndan kaynaklanabilecek sa\u011fl\u0131k risklerinin \u015feffaf bi\u00e7imde kamuoyuyla payla\u015f\u0131lmas\u0131 i\u00e7in d\u00fczenli bir kamu bilgilendirme mekanizmas\u0131 olu\u015fturacak m\u0131d\u0131r?<\/li>\n\n\n\n<li>\u00c7evresel tahribat\u0131n insan sa\u011fl\u0131\u011f\u0131 \u00fczerindeki a\u011f\u0131r ve uzun s\u00fcreli etkileri dikkate al\u0131nd\u0131\u011f\u0131nda, do\u011faya y\u00f6nelik geri d\u00f6n\u00fclmez zararlar\u0131n daha g\u00fc\u00e7l\u00fc yapt\u0131r\u0131mlarla \u00f6nlenmesi ve ekok\u0131r\u0131m su\u00e7unun ceza hukuku i\u00e7inde a\u00e7\u0131k bi\u00e7imde tan\u0131mlanmas\u0131 y\u00f6n\u00fcnde Bakanl\u0131\u011f\u0131n\u0131z\u0131n bir g\u00f6r\u00fc\u015f\u00fc veya y\u00fcr\u00fctt\u00fc\u011f\u00fc bir \u00e7al\u0131\u015fma bulunmakta m\u0131d\u0131r?<\/li>\n<\/ol>\n","protected":false},"excerpt":{"rendered":"<div class=\"mh-excerpt\"><p>T\u00dcRK\u0130YE B\u00dcY\u00dcK M\u0130LLET MECL\u0130S\u0130 BA\u015eKANLI\u011eINA A\u015fa\u011f\u0131daki sorular\u0131n \u00c7evre, \u015eehircilik ve \u0130klim De\u011fi\u015fikli\u011fi Bakan\u0131 Murat KURUMtaraf\u0131ndan Anayasa\u2019n\u0131n 98\u2019inci ve \u0130\u00e7t\u00fcz\u00fc\u011f\u00fcn 96\u2019nc\u0131 ve 99\u2019uncu maddeleri gere\u011fince yaz\u0131l\u0131 <a class=\"mh-excerpt-more\" href=\"https:\/\/ibrahimakin.net\/index.php\/2026\/08\/31\/izmir-urlada-kacak-sokumu-yapilmak-istenen-gokbey-adli-geminin-mevcut-durumunu-ve-bu-konuda-nelerin-yapilacagini-dort-ayri-bakanliga-yeniden-sorduk\/\" title=\"\u0130ZM\u0130R-URLA&#8217;DA KA\u00c7AK S\u00d6K\u00dcM\u00dc YAPILMAK \u0130STENEN &#8216;G\u00d6KBEY&#8217; ADLI GEM\u0130N\u0130N MEVCUT DURUMUNU VE BU KONUDA NELER\u0130N YAPILACA\u011eINI D\u00d6RT AYRI BAKANLI\u011eA YEN\u0130DEN SORDUK.\">[&#8230;]<\/a><\/p>\n<\/div>","protected":false},"author":1,"featured_media":1725,"comment_status":"open","ping_status":"open","sticky":false,"template":"","format":"standard","meta":{"om_disable_all_campaigns":false,"footnotes":""},"categories":[13],"tags":[],"class_list":["post-1724","post","type-post","status-publish","format-standard","has-post-thumbnail","hentry","category-soru-onergeleri"],"aioseo_notices":[],"jetpack_sharing_enabled":true,"jetpack_featured_media_url":"https:\/\/ibrahimakin.net\/wp-content\/uploads\/2026\/08\/SORU-ONERGESI-WEB-SITE-GORSELI-2.jpg","_links":{"self":[{"href":"https:\/\/ibrahimakin.net\/index.php\/wp-json\/wp\/v2\/posts\/1724","targetHints":{"allow":["GET"]}}],"collection":[{"href":"https:\/\/ibrahimakin.net\/index.php\/wp-json\/wp\/v2\/posts"}],"about":[{"href":"https:\/\/ibrahimakin.net\/index.php\/wp-json\/wp\/v2\/types\/post"}],"author":[{"embeddable":true,"href":"https:\/\/ibrahimakin.net\/index.php\/wp-json\/wp\/v2\/users\/1"}],"replies":[{"embeddable":true,"href":"https:\/\/ibrahimakin.net\/index.php\/wp-json\/wp\/v2\/comments?post=1724"}],"version-history":[{"count":1,"href":"https:\/\/ibrahimakin.net\/index.php\/wp-json\/wp\/v2\/posts\/1724\/revisions"}],"predecessor-version":[{"id":1726,"href":"https:\/\/ibrahimakin.net\/index.php\/wp-json\/wp\/v2\/posts\/1724\/revisions\/1726"}],"wp:featuredmedia":[{"embeddable":true,"href":"https:\/\/ibrahimakin.net\/index.php\/wp-json\/wp\/v2\/media\/1725"}],"wp:attachment":[{"href":"https:\/\/ibrahimakin.net\/index.php\/wp-json\/wp\/v2\/media?parent=1724"}],"wp:term":[{"taxonomy":"category","embeddable":true,"href":"https:\/\/ibrahimakin.net\/index.php\/wp-json\/wp\/v2\/categories?post=1724"},{"taxonomy":"post_tag","embeddable":true,"href":"https:\/\/ibrahimakin.net\/index.php\/wp-json\/wp\/v2\/tags?post=1724"}],"curies":[{"name":"wp","href":"https:\/\/api.w.org\/{rel}","templated":true}]}}